{"id":7997,"date":"2023-10-12T14:53:53","date_gmt":"2023-10-12T12:53:53","guid":{"rendered":"https:\/\/www.svieta.org\/?p=7997"},"modified":"2023-10-12T22:01:50","modified_gmt":"2023-10-12T20:01:50","slug":"ivanka-premiere-nouvelle-orpheline-depuis-le-debut-de-la-guerre","status":"publish","type":"post","link":"https:\/\/www.svieta.org\/fr\/2023\/10\/ivanka-premiere-nouvelle-orpheline-depuis-le-debut-de-la-guerre\/","title":{"rendered":"Ivanka, premi\u00e8re nouvelle orpheline depuis le d\u00e9but de la guerre, \u00e0 Kiev"},"content":{"rendered":"<p><strong>12 octobre 2023<\/strong><br \/>\nNous avons enfin des nouvelles. Ivanka a \u00e9t\u00e9 op\u00e9r\u00e9e hier. Elle a surv\u00e9cu \u00e0 l&#8217;op\u00e9ration. Le meilleur chirurgien cardiaque de toute l&#8217;Ukraine l&#8217;a op\u00e9r\u00e9e en personne (m\u00e9decin en chef de toute la clinique de chirurgie cardiaque de Kiev). Les m\u00e9decins ont fait tout ce qui \u00e9tait possible. Maintenant, la jeune fille doit se battre pour la vie. Elle est en soins intensifs et ne peut pas \u00eatre visit\u00e9e, c&#8217;est pourquoi il n&#8217;y a pas encore de photos.<\/p>\n<p><!--more--><\/p>\n<p><strong>14 septembre 2023<\/strong><br \/>\nEn pleine guerre, deux infirmi\u00e8res du NBH se sont rendues de Chernovtsy \u00e0 Kiev avec Ivanka. Nous remercions ces infirmi\u00e8res courageuses d&#8217;avoir accept\u00e9 de faire ce voyage \u00e0 Kiev. <\/p>\n<p>Ivanka a \u00e9t\u00e9 s\u00e9rieusement examin\u00e9e. <\/p>\n<div id=\"lads-gallery-1\" class=\"lads-gallery\">\n    <span class=\"btn btn-default btn-xs glyphicon glyphicon-chevron-left\"><\/span>\n    <span class=\"btn btn-default btn-xs glyphicon glyphicon-chevron-right\"><\/span>\n    <figure class=\"lads-image\"><\/figure> <!-- placeholder -->\n    <div class=\"lads-thumbs\">\n    <div class=\"row\">\n        <div class=\"col-xs-4 col-sm-3 col-md-2\"><figure class=\"lads-image\">\n    <img decoding=\"async\" src=\"https:\/\/www.svieta.org\/wp-content\/uploads\/2023\/09\/Ivanka1.jpg\" class=\"img-responsive\" alt=\"\">\n    <\/figure><\/div><div class=\"col-xs-4 col-sm-3 col-md-2\"><figure class=\"lads-image\">\n    <img decoding=\"async\" src=\"https:\/\/www.svieta.org\/wp-content\/uploads\/2023\/09\/Ivanke2.jpg\" class=\"img-responsive\" alt=\"\">\n    <\/figure><\/div><div class=\"col-xs-4 col-sm-3 col-md-2\"><figure class=\"lads-image\">\n    <img decoding=\"async\" src=\"https:\/\/www.svieta.org\/wp-content\/uploads\/2023\/09\/Ivanka6.jpg\" class=\"img-responsive\" alt=\"\">\n    <\/figure><\/div><div class=\"col-xs-4 col-sm-3 col-md-2\"><figure class=\"lads-image\">\n    <img decoding=\"async\" src=\"https:\/\/www.svieta.org\/wp-content\/uploads\/2023\/09\/Ivanka3.jpg\" class=\"img-responsive\" alt=\"\">\n    <\/figure><\/div><div class=\"col-xs-4 col-sm-3 col-md-2\"><figure class=\"lads-image\">\n    <img decoding=\"async\" src=\"https:\/\/www.svieta.org\/wp-content\/uploads\/2023\/09\/Ivanka4.jpg\" class=\"img-responsive\" alt=\"\">\n    <\/figure><\/div><div class=\"col-xs-4 col-sm-3 col-md-2\"><figure class=\"lads-image\">\n    <img decoding=\"async\" src=\"https:\/\/www.svieta.org\/wp-content\/uploads\/2023\/09\/Ivanka5.jpg\" class=\"img-responsive\" alt=\"\">\n    <\/figure><\/div>    <\/div>\n<\/div><\/div>\n<p>Les deux infirmi\u00e8res restent aupr\u00e8s d&#8217;Ivanka \u00e0 Kiev jusqu&#8217;\u00e0 ce qu&#8217;il soit d\u00e9cid\u00e9 si Ivanka peut \u00eatre op\u00e9r\u00e9e imm\u00e9diatement ou quelle sera la suite des \u00e9v\u00e9nements.<\/p>\n<p>Aucune d\u00e9cision n&#8217;a encore \u00e9t\u00e9 prise. Les m\u00e9decins se r\u00e9uniront en consilium vendredi. Nous devrions bient\u00f4t savoir quand le traitement d&#8217;Ivanka pourra commencer.<\/p>\n<p><\/br><br \/>\n<strong>17 ao\u00fbt 2023<\/strong><br \/>\nIvanka est n\u00e9e apr\u00e8s le d\u00e9but de la guerre, le 13 juillet 2022, et a \u00e9t\u00e9 attribu\u00e9e au NBH apr\u00e8s l&#8217;\u00e9vacuation. Cela prouve que le syst\u00e8me et les services sociaux fonctionnent encore.<\/p>\n<figure class=\"lads-image\">\n    <img decoding=\"async\" src=\"https:\/\/www.svieta.org\/wp-content\/uploads\/2023\/08\/Ivanka.jpg\" class=\"img-responsive\" alt=\"\">\n            <figcaption>Ivanka<\/figcaption>\n    <\/figure>\n<p>La fillette souffre d&#8217;une malformation cardiaque cong\u00e9nitale compliqu\u00e9e et doit \u00eatre examin\u00e9e au KCC (Kiev), o\u00f9 l&#8217;on d\u00e9cidera si, quand et comment elle peut \u00eatre op\u00e9r\u00e9e. Il est fort probable qu&#8217;elle subira plusieurs op\u00e9rations, car sa malformation cardiaque est multiple et compliqu\u00e9e et ne peut pas \u00eatre op\u00e9r\u00e9e en une seule fois.<br \/>\nCompte tenu de la guerre en Ukraine et du fait que Vika n&#8217;est pas sur place, deux infirmi\u00e8res du NBH doivent se rendre \u00e0 Kiev avec Ivanka.<\/p>\n<p>Merci d&#8217;avance pour votre aide !<br \/>\nNous appr\u00e9cions votre <strong><a href=\"\/fr\/nous-contacter\/#donations\">don<\/a><\/strong>, dont nous avons besoin de toute urgence !<\/p>\n","protected":false},"excerpt":{"rendered":"<p>12 octobre 2023 Nous avons enfin des nouvelles. Ivanka a \u00e9t\u00e9 op\u00e9r\u00e9e hier. Elle a surv\u00e9cu \u00e0 l&#8217;op\u00e9ration. Le meilleur chirurgien cardiaque de toute l&#8217;Ukraine l&#8217;a op\u00e9r\u00e9e en personne (m\u00e9decin en chef de toute la clinique de chirurgie cardiaque de Kiev). Les m\u00e9decins ont fait tout ce qui \u00e9tait possible. Maintenant, la jeune fille doit [&hellip;]<\/p>\n","protected":false},"author":3,"featured_media":0,"comment_status":"closed","ping_status":"open","sticky":false,"template":"","format":"standard","meta":{"footnotes":""},"categories":[3],"tags":[],"class_list":["post-7997","post","type-post","status-publish","format-standard","hentry","category-uncategorized-fr"],"_links":{"self":[{"href":"https:\/\/www.svieta.org\/fr\/wp-json\/wp\/v2\/posts\/7997","targetHints":{"allow":["GET"]}}],"collection":[{"href":"https:\/\/www.svieta.org\/fr\/wp-json\/wp\/v2\/posts"}],"about":[{"href":"https:\/\/www.svieta.org\/fr\/wp-json\/wp\/v2\/types\/post"}],"author":[{"embeddable":true,"href":"https:\/\/www.svieta.org\/fr\/wp-json\/wp\/v2\/users\/3"}],"replies":[{"embeddable":true,"href":"https:\/\/www.svieta.org\/fr\/wp-json\/wp\/v2\/comments?post=7997"}],"version-history":[{"count":6,"href":"https:\/\/www.svieta.org\/fr\/wp-json\/wp\/v2\/posts\/7997\/revisions"}],"predecessor-version":[{"id":8049,"href":"https:\/\/www.svieta.org\/fr\/wp-json\/wp\/v2\/posts\/7997\/revisions\/8049"}],"wp:attachment":[{"href":"https:\/\/www.svieta.org\/fr\/wp-json\/wp\/v2\/media?parent=7997"}],"wp:term":[{"taxonomy":"category","embeddable":true,"href":"https:\/\/www.svieta.org\/fr\/wp-json\/wp\/v2\/categories?post=7997"},{"taxonomy":"post_tag","embeddable":true,"href":"https:\/\/www.svieta.org\/fr\/wp-json\/wp\/v2\/tags?post=7997"}],"curies":[{"name":"wp","href":"https:\/\/api.w.org\/{rel}","templated":true}]}}