{"id":7890,"date":"2023-08-17T13:38:42","date_gmt":"2023-08-17T11:38:42","guid":{"rendered":"https:\/\/www.svieta.org\/2023\/03\/maxim-muss-nach-kiev-gehen\/"},"modified":"2023-08-17T14:22:53","modified_gmt":"2023-08-17T12:22:53","slug":"maxim-a-kiev","status":"publish","type":"post","link":"https:\/\/www.svieta.org\/fr\/2023\/08\/maxim-a-kiev\/","title":{"rendered":"Maxim a \u00e9t\u00e9 trait\u00e9 \u00e0 Kiev"},"content":{"rendered":"<p><strong>17 ao\u00fbt 2023<\/strong><br \/>\nApr\u00e8s le traitement et la r\u00e9habilitation \u00e0 Kiev, Maxim va mieux. Il n&#8217;a jamais \u00e9t\u00e9 malade en \u00e9t\u00e9 et les m\u00e9decins esp\u00e8rent que cela continuera, m\u00eame en hiver. Peut-\u00eatre que nous devrons acheter quelque chose en plus en automne pour renforcer le syst\u00e8me immunitaire de Maxim.<\/p>\n<p><!--more--><\/p>\n<p><strong>10 mars 2023<\/strong><br \/>\nMaxim \u00e9tait le quatri\u00e8me enfant de la famille et sa m\u00e8re n&#8217;avait ni l&#8217;envie ni la possibilit\u00e9 de s&#8217;occuper correctement de son fils, surtout au vu du lourd handicap de l&#8217;enfant. <\/p>\n<div id=\"lads-gallery-1\" class=\"lads-gallery\">\n    <span class=\"btn btn-default btn-xs glyphicon glyphicon-chevron-left\"><\/span>\n    <span class=\"btn btn-default btn-xs glyphicon glyphicon-chevron-right\"><\/span>\n    <figure class=\"lads-image\"><\/figure> <!-- placeholder -->\n    <div class=\"lads-thumbs\">\n    <div class=\"row\">\n        <div class=\"col-xs-4 col-sm-3 col-md-2\"><figure class=\"lads-image\">\n    <img decoding=\"async\" src=\"https:\/\/www.svieta.org\/wp-content\/uploads\/2023\/03\/Maxim-1.jpg\" class=\"img-responsive\" alt=\"\">\n    <\/figure><\/div><div class=\"col-xs-4 col-sm-3 col-md-2\"><figure class=\"lads-image\">\n    <img decoding=\"async\" src=\"https:\/\/www.svieta.org\/wp-content\/uploads\/2023\/03\/Maxim-2.jpg\" class=\"img-responsive\" alt=\"\">\n    <\/figure><\/div><div class=\"col-xs-4 col-sm-3 col-md-2\"><figure class=\"lads-image\">\n    <img decoding=\"async\" src=\"https:\/\/www.svieta.org\/wp-content\/uploads\/2023\/03\/Maxim-3.jpg\" class=\"img-responsive\" alt=\"\">\n    <\/figure><\/div>    <\/div>\n<\/div><\/div>\n<p>Maxim a \u00e9t\u00e9 retir\u00e9 \u00e0 sa famille et plac\u00e9 au NBH. Maxim a \u00e9t\u00e9 \u00e9vacu\u00e9 de Nikolaiev \u00e0 Chernovtzy en mars 2022.<br \/>\nDepuis son arriv\u00e9e au NBH, l&#8217;enfant a constamment souffert de pneumonies et de bronchites, qui se sont aggrav\u00e9es avec le temps et ont mis sa vie en danger.<br \/>\nLes m\u00e9decins veulent maintenant emmener Maxim \u00e0 Kiev, \u00e0 la clinique p\u00e9diatrique OXMADIT, pour qu&#8217;il y soit examin\u00e9.<\/p>\n<p>Le voyage de Chernovtzy \u00e0 Kiev co\u00fbtera 250\u20ac \/ CHF 250.<\/p>\n<p>Merci de soutenir ce projet par <strong><a href=\"\/fr\/nous-contacter\/#donations\">un don<\/a><\/strong> !<\/p>\n<p><\/br><\/p>\n","protected":false},"excerpt":{"rendered":"<p>17 ao\u00fbt 2023 Apr\u00e8s le traitement et la r\u00e9habilitation \u00e0 Kiev, Maxim va mieux. Il n&#8217;a jamais \u00e9t\u00e9 malade en \u00e9t\u00e9 et les m\u00e9decins esp\u00e8rent que cela continuera, m\u00eame en hiver. Peut-\u00eatre que nous devrons acheter quelque chose en plus en automne pour renforcer le syst\u00e8me immunitaire de Maxim.<\/p>\n","protected":false},"author":3,"featured_media":0,"comment_status":"closed","ping_status":"open","sticky":false,"template":"","format":"standard","meta":{"footnotes":""},"categories":[3],"tags":[],"class_list":["post-7890","post","type-post","status-publish","format-standard","hentry","category-uncategorized-fr"],"_links":{"self":[{"href":"https:\/\/www.svieta.org\/fr\/wp-json\/wp\/v2\/posts\/7890","targetHints":{"allow":["GET"]}}],"collection":[{"href":"https:\/\/www.svieta.org\/fr\/wp-json\/wp\/v2\/posts"}],"about":[{"href":"https:\/\/www.svieta.org\/fr\/wp-json\/wp\/v2\/types\/post"}],"author":[{"embeddable":true,"href":"https:\/\/www.svieta.org\/fr\/wp-json\/wp\/v2\/users\/3"}],"replies":[{"embeddable":true,"href":"https:\/\/www.svieta.org\/fr\/wp-json\/wp\/v2\/comments?post=7890"}],"version-history":[{"count":4,"href":"https:\/\/www.svieta.org\/fr\/wp-json\/wp\/v2\/posts\/7890\/revisions"}],"predecessor-version":[{"id":7985,"href":"https:\/\/www.svieta.org\/fr\/wp-json\/wp\/v2\/posts\/7890\/revisions\/7985"}],"wp:attachment":[{"href":"https:\/\/www.svieta.org\/fr\/wp-json\/wp\/v2\/media?parent=7890"}],"wp:term":[{"taxonomy":"category","embeddable":true,"href":"https:\/\/www.svieta.org\/fr\/wp-json\/wp\/v2\/categories?post=7890"},{"taxonomy":"post_tag","embeddable":true,"href":"https:\/\/www.svieta.org\/fr\/wp-json\/wp\/v2\/tags?post=7890"}],"curies":[{"name":"wp","href":"https:\/\/api.w.org\/{rel}","templated":true}]}}