{"id":7113,"date":"2022-08-27T11:19:30","date_gmt":"2022-08-27T09:19:30","guid":{"rendered":"https:\/\/www.svieta.org\/?p=7113"},"modified":"2022-08-27T14:48:27","modified_gmt":"2022-08-27T12:48:27","slug":"voyage-a-chernovtsy","status":"publish","type":"post","link":"https:\/\/www.svieta.org\/fr\/2022\/08\/voyage-a-chernovtsy\/","title":{"rendered":"Voyage \u00e0 Chernovtsy"},"content":{"rendered":"<p><strong>Mise \u00e0 jour du 27.8.2022<\/strong><br \/>\nVika est repartie avec ce bus et est arriv\u00e9e aujourd&#8217;hui \u00e0 5 heures du matin en Allemagne, fatigu\u00e9e mais en bonne sant\u00e9.<figure class=\"lads-image\">\n    <img decoding=\"async\" src=\"https:\/\/www.svieta.org\/wp-content\/uploads\/2022\/08\/Bus-Ruckfahrt.jpg\" class=\"img-responsive\" alt=\"\">\n            <figcaption>bus<\/figcaption>\n    <\/figure><br \/>\nLe voyage a \u00e9t\u00e9 aventureux et a conduit en Allemagne via la Roumanie, la Slovaquie et l&#8217;Autriche. Le bus transportait du fret et des passagers. A la fronti\u00e8re entre l&#8217;Ukraine et la Roumanie, ils ont perdu 8 heures parce que quelque chose n&#8217;allait pas avec les papiers de la cargaison.<\/p>\n<p>Il y a beaucoup de nouvelles \u00e0 rapporter. Nous allons collecter les donn\u00e9es, les traiter et les publier.<br \/>\nEn r\u00e9sum\u00e9, nous pouvons dire que la situation est bien meilleure et plus positive pour les enfants que nous ne le pensions. <\/p>\n<p><!--more--><\/p>\n<p><strong>Mise \u00e0 jour du 24.8.2022<\/strong><br \/>\nVika a pass\u00e9 sa premi\u00e8re nuit \u00e0 Chernovtsy dans cet h\u00f4tel. C&#8217;est calme, tout est normal, rien ne laisse entendre que la guerre fait rage dans l&#8217;est de l&#8217;Ukraine.<br \/>\n<figure class=\"lads-image\">\n    <img decoding=\"async\" src=\"https:\/\/www.svieta.org\/wp-content\/uploads\/2022\/08\/Hotel-in-Chernovtsy.jpg\" class=\"img-responsive\" alt=\"\">\n            <figcaption>Hotel in Chernovtsy<\/figcaption>\n    <\/figure><\/p>\n<p>Aujourd&#8217;hui, Vika visite l&#8217;orphelinat NBH. Nous sommes impatients de lire son rapport de visite.<\/p>\n<p><strong>Mise \u00e0 jour du 23.8.2022<\/strong><br \/>\nDimanche dernier, Amis de Svieta ont d\u00e9cid\u00e9, lors d&#8217;un zoom avec Vika et avec Svieta Inc. (USA), qu&#8217;un voyage \u00e0 Chernovtsy \u00e9tait s\u00fbr et n\u00e9cessaire.<br \/>\nVika est partie d\u00e8s le lundi 22 ao\u00fbt en bus direct pour Chernovtsy.<\/p>\n<p>NBH a \u00e9t\u00e9 transf\u00e9r\u00e9 en lieu s\u00fbr de Nikolaiev \u00e0 Chernovtsy, comme <a href=\"https:\/\/www.svieta.org\/fr\/2022\/03\/nbh-evacue\/\">nous l&#8217;avions annonc\u00e9<\/a>. Il est temps pour Vika de visiter personnellement le NBH en exil et de voir comment les enfants s&#8217;y portent.<br \/>\nVika rendra visite \u00e0 la directrice Nataliya Grigorenko. Nous sommes impatients de lire son rapport.<\/p>\n<div id=\"lads-gallery-1\" class=\"lads-gallery\">\n    <span class=\"btn btn-default btn-xs glyphicon glyphicon-chevron-left\"><\/span>\n    <span class=\"btn btn-default btn-xs glyphicon glyphicon-chevron-right\"><\/span>\n    <figure class=\"lads-image\"><\/figure> <!-- placeholder -->\n    <div class=\"lads-thumbs\">\n    <div class=\"row\">\n        <div class=\"col-xs-4 col-sm-3 col-md-2\"><figure class=\"lads-image\">\n    <img decoding=\"async\" src=\"https:\/\/www.svieta.org\/wp-content\/uploads\/2022\/08\/Grenze-Polen-Ukraine.jpg\" class=\"img-responsive\" alt=\"\">\n    <\/figure><\/div><div class=\"col-xs-4 col-sm-3 col-md-2\"><figure class=\"lads-image\">\n    <img decoding=\"async\" src=\"https:\/\/www.svieta.org\/wp-content\/uploads\/2022\/08\/Willkommen-in-Ukraine.jpg\" class=\"img-responsive\" alt=\"\">\n    <\/figure><\/div><div class=\"col-xs-4 col-sm-3 col-md-2\"><figure class=\"lads-image\">\n    <img decoding=\"async\" src=\"https:\/\/www.svieta.org\/wp-content\/uploads\/2022\/08\/checkpoint.jpg\" class=\"img-responsive\" alt=\"\">\n    <\/figure><\/div><div class=\"col-xs-4 col-sm-3 col-md-2\"><figure class=\"lads-image\">\n    <img decoding=\"async\" src=\"https:\/\/www.svieta.org\/wp-content\/uploads\/2022\/08\/checkpoint-2.jpg\" class=\"img-responsive\" alt=\"\">\n    <\/figure><\/div>    <\/div>\n<\/div><\/div>\n<p>Sur les photos, on voit la fronti\u00e8re entre la Pologne et l&#8217;Ukraine. Tout est calme. Sur l&#8217;inscription, on peut lire en ukrainien : Bienvenue en Ukraine. Ensuite, les checkpoints, t\u00e9moins silencieux de la guerre.<\/p>\n<p>Vous souhaitez <strong><a href=\"https:\/\/www.svieta.org\/fr\/don\/\">faire un don<\/a><\/strong> et <strong><a href=\"https:\/\/www.svieta.org\/fr\/comment-aider\/\">aider <\/a><\/strong>?<br \/>\n<\/br><\/p>\n","protected":false},"excerpt":{"rendered":"<p>Mise \u00e0 jour du 27.8.2022 Vika est repartie avec ce bus et est arriv\u00e9e aujourd&#8217;hui \u00e0 5 heures du matin en Allemagne, fatigu\u00e9e mais en bonne sant\u00e9. Le voyage a \u00e9t\u00e9 aventureux et a conduit en Allemagne via la Roumanie, la Slovaquie et l&#8217;Autriche. Le bus transportait du fret et des passagers. A la fronti\u00e8re [&hellip;]<\/p>\n","protected":false},"author":3,"featured_media":0,"comment_status":"closed","ping_status":"open","sticky":false,"template":"","format":"standard","meta":{"footnotes":""},"categories":[3],"tags":[],"class_list":["post-7113","post","type-post","status-publish","format-standard","hentry","category-uncategorized-fr"],"_links":{"self":[{"href":"https:\/\/www.svieta.org\/fr\/wp-json\/wp\/v2\/posts\/7113","targetHints":{"allow":["GET"]}}],"collection":[{"href":"https:\/\/www.svieta.org\/fr\/wp-json\/wp\/v2\/posts"}],"about":[{"href":"https:\/\/www.svieta.org\/fr\/wp-json\/wp\/v2\/types\/post"}],"author":[{"embeddable":true,"href":"https:\/\/www.svieta.org\/fr\/wp-json\/wp\/v2\/users\/3"}],"replies":[{"embeddable":true,"href":"https:\/\/www.svieta.org\/fr\/wp-json\/wp\/v2\/comments?post=7113"}],"version-history":[{"count":5,"href":"https:\/\/www.svieta.org\/fr\/wp-json\/wp\/v2\/posts\/7113\/revisions"}],"predecessor-version":[{"id":7153,"href":"https:\/\/www.svieta.org\/fr\/wp-json\/wp\/v2\/posts\/7113\/revisions\/7153"}],"wp:attachment":[{"href":"https:\/\/www.svieta.org\/fr\/wp-json\/wp\/v2\/media?parent=7113"}],"wp:term":[{"taxonomy":"category","embeddable":true,"href":"https:\/\/www.svieta.org\/fr\/wp-json\/wp\/v2\/categories?post=7113"},{"taxonomy":"post_tag","embeddable":true,"href":"https:\/\/www.svieta.org\/fr\/wp-json\/wp\/v2\/tags?post=7113"}],"curies":[{"name":"wp","href":"https:\/\/api.w.org\/{rel}","templated":true}]}}