{"id":6965,"date":"2022-04-29T20:44:33","date_gmt":"2022-04-29T18:44:33","guid":{"rendered":"https:\/\/www.svieta.org\/?p=6965"},"modified":"2022-04-29T20:45:39","modified_gmt":"2022-04-29T18:45:39","slug":"verena-bodmer-nouvelle-membre-du-comite","status":"publish","type":"post","link":"https:\/\/www.svieta.org\/fr\/2022\/04\/verena-bodmer-nouvelle-membre-du-comite\/","title":{"rendered":"Verena Bodmer, nouvelle membre du Comit\u00e9"},"content":{"rendered":"<p>Lors de la r\u00e9union du comit\u00e9 d&#8217;aujourd&#8217;hui, nous avons eu le plaisir d&#8217;accueillir Verena Bodmer, qui se met \u00e0 disposition en tant que membre du comit\u00e9. <\/p>\n<p>Verena \u00e9tait membre des Amis de Svieta depuis la cr\u00e9ation de l&#8217;association en juin dernier et souhaite d\u00e9sormais \u00eatre encore plus proche des \u00e9v\u00e9nements au sein du comit\u00e9. <\/p>\n<p><!--more--><\/p>\n<figure class=\"lads-image\">\n    <img decoding=\"async\" src=\"https:\/\/www.svieta.org\/wp-content\/uploads\/2022\/04\/Vreni-an-der-Vorstandssitzung.jpg\" class=\"img-responsive\" alt=\"\">\n            <figcaption>Verena Bodmer<\/figcaption>\n    <\/figure>\n<p>Nous remercions Verena pour son engagement et nous r\u00e9jouissons de collaborer avec elle au comit\u00e9.<\/p>\n<p>2 d\u00e9missions au comit\u00e9 :<br \/>\nHans Rudolf Zurfluh et Johanna Aellig Alberts ont ou vont d\u00e9missionner du comit\u00e9. <\/p>\n<p>Tous deux ont \u00e9t\u00e9 instrumentaux lors de la cr\u00e9ation de l&#8217;association en juin 2021 et ont depuis aid\u00e9 l&#8217;association \u00e0 trouver de nouveaux donateurs et de nouveaux membres.<br \/>\nJe suis s\u00fbre qu&#8217;elles resteront toutes deux attach\u00e9es \u00e0 l&#8217;Ukraine et continueront \u00e0 aider les orphelins, la guerre n&#8217;y changera rien.<\/p>\n<p>Un grand merci \u00e0 Hans Rudolf et Johanna pour leur engagement et leur soutien.<\/p>\n<p>Le comit\u00e9 se r\u00e9jouit si quelqu&#8217;un souhaite aider b\u00e9n\u00e9volement au sein du comit\u00e9.<\/p>\n","protected":false},"excerpt":{"rendered":"<p>Lors de la r\u00e9union du comit\u00e9 d&#8217;aujourd&#8217;hui, nous avons eu le plaisir d&#8217;accueillir Verena Bodmer, qui se met \u00e0 disposition en tant que membre du comit\u00e9. Verena \u00e9tait membre des Amis de Svieta depuis la cr\u00e9ation de l&#8217;association en juin dernier et souhaite d\u00e9sormais \u00eatre encore plus proche des \u00e9v\u00e9nements au sein du comit\u00e9.<\/p>\n","protected":false},"author":3,"featured_media":0,"comment_status":"closed","ping_status":"open","sticky":false,"template":"","format":"standard","meta":{"footnotes":""},"categories":[3],"tags":[],"class_list":["post-6965","post","type-post","status-publish","format-standard","hentry","category-uncategorized-fr"],"_links":{"self":[{"href":"https:\/\/www.svieta.org\/fr\/wp-json\/wp\/v2\/posts\/6965","targetHints":{"allow":["GET"]}}],"collection":[{"href":"https:\/\/www.svieta.org\/fr\/wp-json\/wp\/v2\/posts"}],"about":[{"href":"https:\/\/www.svieta.org\/fr\/wp-json\/wp\/v2\/types\/post"}],"author":[{"embeddable":true,"href":"https:\/\/www.svieta.org\/fr\/wp-json\/wp\/v2\/users\/3"}],"replies":[{"embeddable":true,"href":"https:\/\/www.svieta.org\/fr\/wp-json\/wp\/v2\/comments?post=6965"}],"version-history":[{"count":3,"href":"https:\/\/www.svieta.org\/fr\/wp-json\/wp\/v2\/posts\/6965\/revisions"}],"predecessor-version":[{"id":6970,"href":"https:\/\/www.svieta.org\/fr\/wp-json\/wp\/v2\/posts\/6965\/revisions\/6970"}],"wp:attachment":[{"href":"https:\/\/www.svieta.org\/fr\/wp-json\/wp\/v2\/media?parent=6965"}],"wp:term":[{"taxonomy":"category","embeddable":true,"href":"https:\/\/www.svieta.org\/fr\/wp-json\/wp\/v2\/categories?post=6965"},{"taxonomy":"post_tag","embeddable":true,"href":"https:\/\/www.svieta.org\/fr\/wp-json\/wp\/v2\/tags?post=6965"}],"curies":[{"name":"wp","href":"https:\/\/api.w.org\/{rel}","templated":true}]}}