{"id":8062,"date":"2023-10-29T12:26:16","date_gmt":"2023-10-29T11:26:16","guid":{"rendered":"https:\/\/www.svieta.org\/?p=8062"},"modified":"2023-10-29T20:42:59","modified_gmt":"2023-10-29T19:42:59","slug":"ivanka-nach-der-operation","status":"publish","type":"post","link":"https:\/\/www.svieta.org\/de\/2023\/10\/ivanka-nach-der-operation\/","title":{"rendered":"Ivanka verstarb pl\u00f6tzlich"},"content":{"rendered":"<p><strong>29.10.2023<\/strong><br \/>\nMit grosser Trauer m\u00fcssen wir heute informieren, dass Ivanka nach anf\u00e4nglicher Erholung nach der OP letzte Nacht verstorben ist. Die \u00c4rzte konnten nichts mehr machen.<\/p>\n<p><figure class=\"lads-image\">\n    <img decoding=\"async\" src=\"https:\/\/www.svieta.org\/wp-content\/uploads\/2023\/10\/Kerze-fur-Ivanka.jpg\" class=\"img-responsive\" alt=\"\">\n    <\/figure><br \/>\n<\/br><\/p>\n<p><!--more--><\/p>\n<p><strong>23.10.2023<\/strong><br \/>\nDies ist ein kurzes Update \u00fcber Ivanka. Sie ist von der Intensivstation zur\u00fcck und befindet sich im Moment bei ihrer Krankenschwester im Krankenhaus. Die \u00c4rzte lassen sie nicht nach Hause nach Chernovtsy reisen. Die Reise sei zu riskant f\u00fcr Ivanka. Sie muss f\u00fcr die n\u00e4chsten 4-6 Wochen (je nach Gesundheitszustand) in Kiew bleiben.<br \/>\nWenn alles gut geht, wird Ivanka ein zweites Mal operiert.<\/p>\n<figure class=\"lads-image\">\n    <img decoding=\"async\" src=\"https:\/\/www.svieta.org\/wp-content\/uploads\/2023\/10\/Ivanka-spielt.jpg\" class=\"img-responsive\" alt=\"\">\n            <figcaption>Ivanka geht es besser<\/figcaption>\n    <\/figure>\n<p><strong>17. Oktober 2023<\/strong><br \/>\nIvanka hat sich rasch von der Operation erholt.<br \/>\nEine Krankenschwester von NBH durfte Ivanka erstmals besuchen.<\/p>\n<figure class=\"lads-image\">\n    <img decoding=\"async\" src=\"https:\/\/www.svieta.org\/wp-content\/uploads\/2023\/10\/Ivanka-nach-OP.jpg\" class=\"img-responsive\" alt=\"\">\n            <figcaption>Ivanka spielt schon wieder<\/figcaption>\n    <\/figure>\n<p>Die Genesung von Ivanka geht z\u00fcgig voran. Sie wird jedoch noch eine Weile in Kiew, in der Herzchirurgie, bleiben m\u00fcssen.<\/p>\n<p><!--more--><\/p>\n<p>Vor etwas mehr als einem Monat war Ivanka in Kiev angekommen, um operiert zu werden.<br \/>\nHoffen wir, dass sie sich weiter gut erholt und nicht mehr lange auf der Intensivstation bleiben muss.<\/p>\n<p>Wenn Sie Ivanke finanziell unterst\u00fctzen m\u00f6chten, besuchen Sie bitte <strong><a href=\"\/de\/kontakt\/#donations\">unsere Website<\/a><\/strong>, um herauszufinden, wie Sie spenden k\u00f6nnen!<\/p>\n<p>Wir bedanken uns im Voraus ganz herzlich!<\/p>\n<p><\/br><\/p>\n","protected":false},"excerpt":{"rendered":"<p>29.10.2023 Mit grosser Trauer m\u00fcssen wir heute informieren, dass Ivanka nach anf\u00e4nglicher Erholung nach der OP letzte Nacht verstorben ist. Die \u00c4rzte konnten nichts mehr machen.<\/p>\n","protected":false},"author":3,"featured_media":0,"comment_status":"closed","ping_status":"open","sticky":false,"template":"","format":"standard","meta":{"footnotes":""},"categories":[4],"tags":[],"class_list":["post-8062","post","type-post","status-publish","format-standard","hentry","category-uncategorized-de"],"_links":{"self":[{"href":"https:\/\/www.svieta.org\/de\/wp-json\/wp\/v2\/posts\/8062","targetHints":{"allow":["GET"]}}],"collection":[{"href":"https:\/\/www.svieta.org\/de\/wp-json\/wp\/v2\/posts"}],"about":[{"href":"https:\/\/www.svieta.org\/de\/wp-json\/wp\/v2\/types\/post"}],"author":[{"embeddable":true,"href":"https:\/\/www.svieta.org\/de\/wp-json\/wp\/v2\/users\/3"}],"replies":[{"embeddable":true,"href":"https:\/\/www.svieta.org\/de\/wp-json\/wp\/v2\/comments?post=8062"}],"version-history":[{"count":5,"href":"https:\/\/www.svieta.org\/de\/wp-json\/wp\/v2\/posts\/8062\/revisions"}],"predecessor-version":[{"id":8097,"href":"https:\/\/www.svieta.org\/de\/wp-json\/wp\/v2\/posts\/8062\/revisions\/8097"}],"wp:attachment":[{"href":"https:\/\/www.svieta.org\/de\/wp-json\/wp\/v2\/media?parent=8062"}],"wp:term":[{"taxonomy":"category","embeddable":true,"href":"https:\/\/www.svieta.org\/de\/wp-json\/wp\/v2\/categories?post=8062"},{"taxonomy":"post_tag","embeddable":true,"href":"https:\/\/www.svieta.org\/de\/wp-json\/wp\/v2\/tags?post=8062"}],"curies":[{"name":"wp","href":"https:\/\/api.w.org\/{rel}","templated":true}]}}