{"id":5529,"date":"2021-07-06T00:10:16","date_gmt":"2021-07-05T22:10:16","guid":{"rendered":"https:\/\/www.svieta.org\/?p=5529"},"modified":"2021-08-11T07:51:10","modified_gmt":"2021-08-11T05:51:10","slug":"gruendung-2-0","status":"publish","type":"post","link":"https:\/\/www.svieta.org\/de\/2021\/07\/gruendung-2-0\/","title":{"rendered":"Gr\u00fcndung Verein Freunde von Svieta \/ Amis de Svieta 2.0"},"content":{"rendered":"<p><strong>Es freut uns, ihnen mitzuteilen, dass die Gr\u00fcndung des neuen Vereins <em>Freunde von Svieta<\/em> \/ <em>Amis de Svieta<\/em> 2.0 am 26.6.2021 stattgefunden hat. Somit gibt es wieder einen aktiven Verein mit einem aktiven Vorstand.<\/strong><\/p>\n<p>Leider ist die Situation in Ukraine auch nach den ersten 20 Jahren Unterst\u00fctzung immer noch so, dass die behinderten Kinder in den Waisenh\u00e4usern unsere Hilfe dringen ben\u00f6tigen. Daher haben sich eine Gruppe von 5 Menschen entschlossen, die zweite Ausgabe von <em>Freunde von Svieta<\/em> \/ <em>Amis de Svieta<\/em> zu gr\u00fcnden.<br \/>\n<!--more--><\/p>\n<figure class=\"lads-image\">\n    <img decoding=\"async\" src=\"https:\/\/www.svieta.org\/wp-content\/uploads\/2021\/06\/Unterschrift-bei-der-Grundung.jpg\" class=\"img-responsive\" alt=\"\">\n            <figcaption>Unterzeichnung der Gr\u00fcndungsdokumente<\/figcaption>\n    <\/figure>\n<p><strong>M\u00f6chten Sie sich aktiv am neuen Verein beteiligen oder haben Sie Fragen, dann <\/strong><script type=\"text\/javascript\">ofs_pl('106112102112066115119107101117099046112116103064117117099108101100118061078107116110099099105103110033100101106034070115103117111102101033120111111034083119107101117099','schreiben Sie uns bitte ein Email')<\/script>. Danke!<\/p>\n<p><strong>Spenden<\/strong><br \/>\nSchauen Sie bitte <strong><a href=\"\/de\/kontakt\/#donations\">hier<\/a><\/strong> nach, wie Sie eine Spenden machen k\u00f6nnen!<\/p>\n<p>Neu k\u00f6nnen Sie auch mit <a href=\"https:\/\/donate.raisenow.io\/jfqdv\">Twint spenden<\/a>.<\/p>\n<p>Vielen Dank im Voraus!<\/p>\n","protected":false},"excerpt":{"rendered":"<p>Es freut uns, ihnen mitzuteilen, dass die Gr\u00fcndung des neuen Vereins Freunde von Svieta \/ Amis de Svieta 2.0 am 26.6.2021 stattgefunden hat. Somit gibt es wieder einen aktiven Verein mit einem aktiven Vorstand. Leider ist die Situation in Ukraine auch nach den ersten 20 Jahren Unterst\u00fctzung immer noch so, dass die behinderten Kinder in [&hellip;]<\/p>\n","protected":false},"author":3,"featured_media":0,"comment_status":"closed","ping_status":"open","sticky":false,"template":"","format":"standard","meta":{"footnotes":""},"categories":[4],"tags":[],"class_list":["post-5529","post","type-post","status-publish","format-standard","hentry","category-uncategorized-de"],"_links":{"self":[{"href":"https:\/\/www.svieta.org\/de\/wp-json\/wp\/v2\/posts\/5529","targetHints":{"allow":["GET"]}}],"collection":[{"href":"https:\/\/www.svieta.org\/de\/wp-json\/wp\/v2\/posts"}],"about":[{"href":"https:\/\/www.svieta.org\/de\/wp-json\/wp\/v2\/types\/post"}],"author":[{"embeddable":true,"href":"https:\/\/www.svieta.org\/de\/wp-json\/wp\/v2\/users\/3"}],"replies":[{"embeddable":true,"href":"https:\/\/www.svieta.org\/de\/wp-json\/wp\/v2\/comments?post=5529"}],"version-history":[{"count":5,"href":"https:\/\/www.svieta.org\/de\/wp-json\/wp\/v2\/posts\/5529\/revisions"}],"predecessor-version":[{"id":6006,"href":"https:\/\/www.svieta.org\/de\/wp-json\/wp\/v2\/posts\/5529\/revisions\/6006"}],"wp:attachment":[{"href":"https:\/\/www.svieta.org\/de\/wp-json\/wp\/v2\/media?parent=5529"}],"wp:term":[{"taxonomy":"category","embeddable":true,"href":"https:\/\/www.svieta.org\/de\/wp-json\/wp\/v2\/categories?post=5529"},{"taxonomy":"post_tag","embeddable":true,"href":"https:\/\/www.svieta.org\/de\/wp-json\/wp\/v2\/tags?post=5529"}],"curies":[{"name":"wp","href":"https:\/\/api.w.org\/{rel}","templated":true}]}}