{"id":1360,"date":"2010-11-21T20:00:19","date_gmt":"2010-11-21T18:00:19","guid":{"rendered":"http:\/\/www.svieta.org\/?p=1360"},"modified":"2018-05-21T21:29:03","modified_gmt":"2018-05-21T19:29:03","slug":"10-jahre-les-amis-de-svieta-schweiz","status":"publish","type":"post","link":"https:\/\/www.svieta.org\/de\/2010\/11\/10-jahre-les-amis-de-svieta-schweiz\/","title":{"rendered":"10 Jahre Les Amis de Svieta (Schweiz)"},"content":{"rendered":"<p><strong>Im Jahr 2010 feierten wir unser 10-j\u00e4hriges Jubil\u00e4um!<\/strong><br \/>\n<figure class=\"lads-image\">\n    <img decoding=\"async\" src=\"https:\/\/www.svieta.org\/wp-content\/uploads\/2010\/11\/10-Jahre.jpg\" class=\"img-responsive\" alt=\"\">\n            <figcaption><\/figcaption>\n    <\/figure><\/p>\n<p><!--more--><br \/>\nDie Ergebnisse unserer 10-j\u00e4hrigen Geschichte sind beeindruckend:<\/p>\n<ul>\n<li>etwa 80 Kinder konnten wir helfen<\/li>\n<li>wir realisierten Projekte in 20 verschiedenen Waisenheimen<\/li>\n<li>20x reisten wir in die Ukraine um zu \u00fcberpr\u00fcfen, dass die Spendengelder korrekt eingesetzt werden und um neue Projekte zu evaluieren<\/li>\n<li>\u00fcber sFr. 350&#8217;000.- Spenden von 422 Spendern aus der Schweiz und von weiteren Spendern aus Deutschland, Neuseeland, Irland und Spanien erhalten<\/li>\n<li>Zweige in <a href=\"\/de\/2003\/01\/der-verein-in-frankreich\/\">Frankreich<\/a> und in <a href=\"716\">Amerika<\/a> gegr\u00fcndet<\/li>\n<li>Partnerschaften mit verschiedenen Organisationen gegr\u00fcndet<\/li>\n<li>eine Organisationsstruktur in der Ukraine gegr\u00fcndet<\/li>\n<li><a href=\"\/de\/2010\/07\/lads-newsletter-2010-d\/\">8 Newsletters<\/a> in zwei oder drei Sprachen ver\u00f6ffentlicht<\/li>\n<li>Website in drei Sprachen mit vielen Berichten<\/li>\n<li>ein grosses <a href=\"\/album\/\">Online-Album<\/a> mit vielen Bildern<\/li>\n<li><a href=\"\/de\/2010\/12\/fotobuch-der-ersten-10-jahre\/\">Fotobuch<\/a> mit vielen Bildern<\/li>\n<\/ul>\n<p>Alles begann im heissen Sommer 2000, als wir das M\u00e4dchen namens <a href=\"\/de\/2002\/05\/der-verein-in-der-schweiz\/\">Svieta<\/a> kennen lernten. Wer h\u00e4tte damals gedacht, dass wir in 10 Jahren immer noch aktiv sein werden? Wahrscheinlich nicht viele und schon gar nicht wir selbst. Dank Ihrer grossen Hilfe und Unterst\u00fctzung in all ihren Formen in all den Jahren waren wir in der Lage, Menschen in Not zu helfen. <strong>Vielen Dank!<\/strong><\/p>\n<p>Wir feierten das 10-j\u00e4hrige Jubil\u00e4um mit einem &#8220;Erntedankfest&#8221; am 21. November 2010 in Saint-Brais (Kanton Jura, Schweiz).<br \/>\n[singlepic=857,250,200,,center]<em><center>Martinsfest in der Turnhalle von Saint-Brais<\/center><\/em><br \/>\n<strong>Dank Ihrer freundlichen und grossz\u00fcgigen Unterst\u00fctzung werden wir weitere 10 Jahre aktiv sein k\u00f6nnen!<\/strong> \ud83d\ude42<\/p>\n<p>Hier sind weitere Bilder.<br \/>\n\n\t\t<style type=\"text\/css\">\n\t\t\t#gallery-1 {\n\t\t\t\tmargin: auto;\n\t\t\t}\n\t\t\t#gallery-1 .gallery-item {\n\t\t\t\tfloat: left;\n\t\t\t\tmargin-top: 10px;\n\t\t\t\ttext-align: center;\n\t\t\t\twidth: 33%;\n\t\t\t}\n\t\t\t#gallery-1 img {\n\t\t\t\tborder: 2px solid #cfcfcf;\n\t\t\t}\n\t\t\t#gallery-1 .gallery-caption {\n\t\t\t\tmargin-left: 0;\n\t\t\t}\n\t\t\t\/* see gallery_shortcode() in wp-includes\/media.php *\/\n\t\t<\/style>\n\t\t<div id='gallery-1' class='gallery galleryid-1360 gallery-columns-3 gallery-size-thumbnail'><dl class='gallery-item'>\n\t\t\t<dt class='gallery-icon landscape'>\n\t\t\t\t<a href='https:\/\/www.svieta.org\/de\/2010\/11\/10-jahre-les-amis-de-svieta-schweiz\/10-jahre-2\/'><img loading=\"lazy\" decoding=\"async\" width=\"300\" height=\"69\" src=\"https:\/\/www.svieta.org\/wp-content\/uploads\/2010\/11\/10-Jahre-300x69.jpg\" class=\"attachment-thumbnail size-thumbnail\" alt=\"\" srcset=\"https:\/\/www.svieta.org\/wp-content\/uploads\/2010\/11\/10-Jahre-300x69.jpg 300w, https:\/\/www.svieta.org\/wp-content\/uploads\/2010\/11\/10-Jahre.jpg 650w\" sizes=\"auto, (max-width: 300px) 100vw, 300px\" \/><\/a>\n\t\t\t<\/dt><\/dl>\n\t\t\t<br style='clear: both' \/>\n\t\t<\/div>\n<\/p>\n","protected":false},"excerpt":{"rendered":"<p>Im Jahr 2010 feierten wir unser 10-j\u00e4hriges Jubil\u00e4um!<\/p>\n","protected":false},"author":3,"featured_media":0,"comment_status":"closed","ping_status":"open","sticky":false,"template":"","format":"standard","meta":{"footnotes":""},"categories":[32,34],"tags":[],"class_list":["post-1360","post","type-post","status-publish","format-standard","hentry","category-global-de","category-switzerland-de"],"_links":{"self":[{"href":"https:\/\/www.svieta.org\/de\/wp-json\/wp\/v2\/posts\/1360","targetHints":{"allow":["GET"]}}],"collection":[{"href":"https:\/\/www.svieta.org\/de\/wp-json\/wp\/v2\/posts"}],"about":[{"href":"https:\/\/www.svieta.org\/de\/wp-json\/wp\/v2\/types\/post"}],"author":[{"embeddable":true,"href":"https:\/\/www.svieta.org\/de\/wp-json\/wp\/v2\/users\/3"}],"replies":[{"embeddable":true,"href":"https:\/\/www.svieta.org\/de\/wp-json\/wp\/v2\/comments?post=1360"}],"version-history":[{"count":5,"href":"https:\/\/www.svieta.org\/de\/wp-json\/wp\/v2\/posts\/1360\/revisions"}],"predecessor-version":[{"id":3807,"href":"https:\/\/www.svieta.org\/de\/wp-json\/wp\/v2\/posts\/1360\/revisions\/3807"}],"wp:attachment":[{"href":"https:\/\/www.svieta.org\/de\/wp-json\/wp\/v2\/media?parent=1360"}],"wp:term":[{"taxonomy":"category","embeddable":true,"href":"https:\/\/www.svieta.org\/de\/wp-json\/wp\/v2\/categories?post=1360"},{"taxonomy":"post_tag","embeddable":true,"href":"https:\/\/www.svieta.org\/de\/wp-json\/wp\/v2\/tags?post=1360"}],"curies":[{"name":"wp","href":"https:\/\/api.w.org\/{rel}","templated":true}]}}